{"id":1592,"date":"2011-12-01T12:57:00","date_gmt":"2011-12-01T11:57:00","guid":{"rendered":"https:\/\/fournelle.lu\/gfhesper\/v3\/?p=1592"},"modified":"2024-02-17T11:09:43","modified_gmt":"2024-02-17T10:09:43","slug":"dass-im-kloster-itzig-ein-stuck-landesgeschichte-geschrieben-respektive-unterschrieben-wurde","status":"publish","type":"post","link":"https:\/\/gfhesper.lu\/?p=1592","title":{"rendered":"&#8230;dass im Kloster Itzig ein St\u00fcck Landesgeschichte geschrieben, respektive unterschrieben wurde?"},"content":{"rendered":"\t\t<div data-elementor-type=\"wp-post\" data-elementor-id=\"1592\" class=\"elementor elementor-1592\" data-elementor-post-type=\"post\">\n\t\t\t\t<div class=\"elementor-element elementor-element-232e9df e-flex e-con-boxed e-con e-parent\" data-id=\"232e9df\" data-element_type=\"container\" data-e-type=\"container\">\n\t\t\t\t\t<div class=\"e-con-inner\">\n\t\t\t\t<div class=\"elementor-element elementor-element-3964ce7 elementor-widget elementor-widget-spacer\" data-id=\"3964ce7\" data-element_type=\"widget\" data-e-type=\"widget\" data-widget_type=\"spacer.default\">\n\t\t\t\t\t\t\t<div class=\"elementor-spacer\">\n\t\t\t<div class=\"elementor-spacer-inner\"><\/div>\n\t\t<\/div>\n\t\t\t\t\t\t<\/div>\n\t\t\t\t<div class=\"elementor-element elementor-element-5d65d6e elementor-widget elementor-widget-gallery\" data-id=\"5d65d6e\" data-element_type=\"widget\" data-e-type=\"widget\" data-settings=\"{&quot;gallery_layout&quot;:&quot;masonry&quot;,&quot;columns&quot;:3,&quot;overlay_description&quot;:&quot;caption&quot;,&quot;lazyload&quot;:&quot;yes&quot;,&quot;columns_tablet&quot;:2,&quot;columns_mobile&quot;:1,&quot;gap&quot;:{&quot;unit&quot;:&quot;px&quot;,&quot;size&quot;:10,&quot;sizes&quot;:[]},&quot;gap_tablet&quot;:{&quot;unit&quot;:&quot;px&quot;,&quot;size&quot;:10,&quot;sizes&quot;:[]},&quot;gap_mobile&quot;:{&quot;unit&quot;:&quot;px&quot;,&quot;size&quot;:10,&quot;sizes&quot;:[]},&quot;link_to&quot;:&quot;file&quot;,&quot;overlay_background&quot;:&quot;yes&quot;,&quot;content_hover_animation&quot;:&quot;fade-in&quot;}\" data-widget_type=\"gallery.default\">\n\t\t\t\t\t\t\t\t<div class=\"elementor-gallery__titles-container e--pointer-none\" aria-label=\"Gallery filter\">\n\t\t\t\t\n\t\t\t\t\t\t\t\t\t<a class=\"elementor-item elementor-gallery-title\" role=\"button\" tabindex=\"0\" data-gallery-index=\"0\">\n\t\t\t\t\t\tBuet 2011_12\t\t\t\t\t<\/a>\n\t\t\t\t\t\t\t\t<\/div>\n\t\t\t\t\t<div class=\"elementor-gallery__container\">\n\t\t\t\t\t\t\t<a class=\"e-gallery-item elementor-gallery-item elementor-animated-content\" data-e-gallery-tags=\"0\" href=\"https:\/\/gfhesper.lu\/wp-content\/uploads\/Buet\/2011\/12\/2011_12_01.jpg\" data-elementor-open-lightbox=\"yes\" data-elementor-lightbox-slideshow=\"5d65d6e\" data-elementor-lightbox-description=\"Der Kapitulationsvertrag der Festung Luxemburg mit den Zusatzbedingungen der Franzosen (17. Prairial an III = 05.06.1795), den Baron von Bender gleich unterzeichnete. Der franz\u00f6sische General Hatry tat dies dann zwei Tage sp\u00e4ter in Itzig.\" data-e-action-hash=\"#elementor-action%3Aaction%3Dlightbox%26settings%3DeyJpZCI6MzI4OCwidXJsIjoiaHR0cHM6XC9cL2dmaGVzcGVyLmx1XC93cC1jb250ZW50XC91cGxvYWRzXC9CdWV0XC8yMDExXC8xMlwvMjAxMV8xMl8wMS5qcGciLCJzbGlkZXNob3ciOiI1ZDY1ZDZlIn0%3D\">\n\t\t\t\t\t<div class=\"e-gallery-image elementor-gallery-item__image\" data-thumbnail=\"https:\/\/gfhesper.lu\/wp-content\/uploads\/Buet\/2011\/12\/2011_12_01-768x960.jpg\" data-width=\"768\" data-height=\"960\" aria-label=\"\" role=\"img\" ><\/div>\n\t\t\t\t\t\t\t\t\t\t\t<div class=\"elementor-gallery-item__overlay\"><\/div>\n\t\t\t\t\t\t\t\t\t\t\t\t\t\t\t<div class=\"elementor-gallery-item__content\">\n\t\t\t\t\t\t\t\t\t\t\t\t\t\t<div class=\"elementor-gallery-item__description\">\n\t\t\t\t\t\t\t\t\t\t\t\t\t\t\t\t\t\tDer Kapitulationsvertrag der Festung Luxemburg mit den Zusatzbedingungen der Franzosen (17. Prairial an III = 05.06.1795), den Baron von Bender gleich unterzeichnete. Der franz\u00f6sische General Hatry tat dies dann zwei Tage sp\u00e4ter in Itzig.\t\t\t\t\t\t\t\t<\/div>\n\t\t\t\t\t\t\t\t\t\t\t\t<\/div>\n\t\t\t\t\t\t\t\t\t<\/a>\n\t\t\t\t\t\t\t<a class=\"e-gallery-item elementor-gallery-item elementor-animated-content\" data-e-gallery-tags=\"0\" href=\"https:\/\/gfhesper.lu\/wp-content\/uploads\/Buet\/2011\/12\/2011_12_02.jpg\" data-elementor-open-lightbox=\"yes\" data-elementor-lightbox-slideshow=\"5d65d6e\" data-elementor-lightbox-description=\"Der Kapitulationsvertrag der Festung Luxemburg mit den Zusatzbedingungen der Franzosen (17. Prairial an III = 05.06.1795), den Baron von Bender gleich unterzeichnete. Der franz\u00f6sische General Hatry tat dies dann zwei Tage sp\u00e4ter in Itzig.\" data-e-action-hash=\"#elementor-action%3Aaction%3Dlightbox%26settings%3DeyJpZCI6MzI4OSwidXJsIjoiaHR0cHM6XC9cL2dmaGVzcGVyLmx1XC93cC1jb250ZW50XC91cGxvYWRzXC9CdWV0XC8yMDExXC8xMlwvMjAxMV8xMl8wMi5qcGciLCJzbGlkZXNob3ciOiI1ZDY1ZDZlIn0%3D\">\n\t\t\t\t\t<div class=\"e-gallery-image elementor-gallery-item__image\" data-thumbnail=\"https:\/\/gfhesper.lu\/wp-content\/uploads\/Buet\/2011\/12\/2011_12_02-768x967.jpg\" data-width=\"768\" data-height=\"967\" aria-label=\"\" role=\"img\" ><\/div>\n\t\t\t\t\t\t\t\t\t\t\t<div class=\"elementor-gallery-item__overlay\"><\/div>\n\t\t\t\t\t\t\t\t\t\t\t\t\t\t\t<div class=\"elementor-gallery-item__content\">\n\t\t\t\t\t\t\t\t\t\t\t\t\t\t<div class=\"elementor-gallery-item__description\">\n\t\t\t\t\t\t\t\t\t\t\t\t\t\t\t\t\t\tDer Kapitulationsvertrag der Festung Luxemburg mit den Zusatzbedingungen der Franzosen (17. Prairial an III = 05.06.1795), den Baron von Bender gleich unterzeichnete. Der franz\u00f6sische General Hatry tat dies dann zwei Tage sp\u00e4ter in Itzig.\t\t\t\t\t\t\t\t<\/div>\n\t\t\t\t\t\t\t\t\t\t\t\t<\/div>\n\t\t\t\t\t\t\t\t\t<\/a>\n\t\t\t\t\t\t\t<a class=\"e-gallery-item elementor-gallery-item elementor-animated-content\" data-e-gallery-tags=\"0\" href=\"https:\/\/gfhesper.lu\/wp-content\/uploads\/Buet\/2011\/12\/2011_12_03.jpg\" data-elementor-open-lightbox=\"yes\" data-elementor-lightbox-slideshow=\"5d65d6e\" data-elementor-lightbox-description=\"Das Kloster mit dem Freiheitsbaum, der 2003 gef\u00e4llt wurde\" data-e-action-hash=\"#elementor-action%3Aaction%3Dlightbox%26settings%3DeyJpZCI6MzI5MSwidXJsIjoiaHR0cHM6XC9cL2dmaGVzcGVyLmx1XC93cC1jb250ZW50XC91cGxvYWRzXC9CdWV0XC8yMDExXC8xMlwvMjAxMV8xMl8wMy5qcGciLCJzbGlkZXNob3ciOiI1ZDY1ZDZlIn0%3D\">\n\t\t\t\t\t<div class=\"e-gallery-image elementor-gallery-item__image\" data-thumbnail=\"https:\/\/gfhesper.lu\/wp-content\/uploads\/Buet\/2011\/12\/2011_12_03-768x545.jpg\" data-width=\"768\" data-height=\"545\" aria-label=\"\" role=\"img\" ><\/div>\n\t\t\t\t\t\t\t\t\t\t\t<div class=\"elementor-gallery-item__overlay\"><\/div>\n\t\t\t\t\t\t\t\t\t\t\t\t\t\t\t<div class=\"elementor-gallery-item__content\">\n\t\t\t\t\t\t\t\t\t\t\t\t\t\t<div class=\"elementor-gallery-item__description\">\n\t\t\t\t\t\t\t\t\t\t\t\t\t\t\t\t\t\tDas Kloster mit dem Freiheitsbaum, der 2003 gef\u00e4llt wurde\t\t\t\t\t\t\t\t<\/div>\n\t\t\t\t\t\t\t\t\t\t\t\t<\/div>\n\t\t\t\t\t\t\t\t\t<\/a>\n\t\t\t\t\t\t\t<a class=\"e-gallery-item elementor-gallery-item elementor-animated-content\" data-e-gallery-tags=\"0\" href=\"https:\/\/gfhesper.lu\/wp-content\/uploads\/Buet\/2011\/12\/2011_12_04.jpg\" data-elementor-open-lightbox=\"yes\" data-elementor-lightbox-slideshow=\"5d65d6e\" data-elementor-lightbox-description=\"An den historischen Tag erinnert eine Gedenktafel am Kloster, welche die Geschichtsfr\u00ebnn vun der Gemeng Hesper zusammen mit den Verantwortlichen der Gemeindeverwaltung 200 Jahre sp\u00e4ter am fr\u00fcheren Hause Tesch anbrachten.\" data-e-action-hash=\"#elementor-action%3Aaction%3Dlightbox%26settings%3DeyJpZCI6MzI5MiwidXJsIjoiaHR0cHM6XC9cL2dmaGVzcGVyLmx1XC93cC1jb250ZW50XC91cGxvYWRzXC9CdWV0XC8yMDExXC8xMlwvMjAxMV8xMl8wNC5qcGciLCJzbGlkZXNob3ciOiI1ZDY1ZDZlIn0%3D\">\n\t\t\t\t\t<div class=\"e-gallery-image elementor-gallery-item__image\" data-thumbnail=\"https:\/\/gfhesper.lu\/wp-content\/uploads\/Buet\/2011\/12\/2011_12_04.jpg\" data-width=\"638\" data-height=\"1024\" aria-label=\"\" role=\"img\" ><\/div>\n\t\t\t\t\t\t\t\t\t\t\t<div class=\"elementor-gallery-item__overlay\"><\/div>\n\t\t\t\t\t\t\t\t\t\t\t\t\t\t\t<div class=\"elementor-gallery-item__content\">\n\t\t\t\t\t\t\t\t\t\t\t\t\t\t<div class=\"elementor-gallery-item__description\">\n\t\t\t\t\t\t\t\t\t\t\t\t\t\t\t\t\t\tAn den historischen Tag erinnert eine Gedenktafel am Kloster, welche die Geschichtsfr\u00ebnn vun der Gemeng Hesper zusammen mit den Verantwortlichen der Gemeindeverwaltung 200 Jahre sp\u00e4ter am fr\u00fcheren Hause Tesch anbrachten.\t\t\t\t\t\t\t\t<\/div>\n\t\t\t\t\t\t\t\t\t\t\t\t<\/div>\n\t\t\t\t\t\t\t\t\t<\/a>\n\t\t\t\t\t\t\t<a class=\"e-gallery-item elementor-gallery-item elementor-animated-content\" data-e-gallery-tags=\"0\" href=\"https:\/\/gfhesper.lu\/wp-content\/uploads\/Buet\/2011\/12\/2011_12_05.jpg\" data-elementor-open-lightbox=\"yes\" data-elementor-lightbox-slideshow=\"5d65d6e\" data-elementor-lightbox-description=\"Anl\u00e4sslich der Journ\u00e9e de la Comm\u00e9moration Nationale am 02.10.2011 in Itzig pr\u00e4sentierten d\u00e9put\u00e9-maire Marc Lies und Roland Schumacher, Pr\u00e4sident der Geschichtsfr\u00ebnn vun der Gemeng Hesper, die Gedenkplakette an den geb\u00fcrtigen Itziger Herz-Jesu- Pater Joseph Stoffels, der w\u00e4hrend des 2. Weltkriegs in der Euthanasie-Anstalt Schloss Hartheim bei Linz in \u00d6sterreich brutal ermordet worden war. Seine Asche war in die Heimat \u00fcberf\u00fchrt worden und befindet sich noch immer an der einstigen Grabst\u00e4tte auf dem Friedhof in Itzig.\" data-e-action-hash=\"#elementor-action%3Aaction%3Dlightbox%26settings%3DeyJpZCI6MzI5MCwidXJsIjoiaHR0cHM6XC9cL2dmaGVzcGVyLmx1XC93cC1jb250ZW50XC91cGxvYWRzXC9CdWV0XC8yMDExXC8xMlwvMjAxMV8xMl8wNS5qcGciLCJzbGlkZXNob3ciOiI1ZDY1ZDZlIn0%3D\">\n\t\t\t\t\t<div class=\"e-gallery-image elementor-gallery-item__image\" data-thumbnail=\"https:\/\/gfhesper.lu\/wp-content\/uploads\/Buet\/2011\/12\/2011_12_05-768x388.jpg\" data-width=\"768\" data-height=\"388\" aria-label=\"\" role=\"img\" ><\/div>\n\t\t\t\t\t\t\t\t\t\t\t<div class=\"elementor-gallery-item__overlay\"><\/div>\n\t\t\t\t\t\t\t\t\t\t\t\t\t\t\t<div class=\"elementor-gallery-item__content\">\n\t\t\t\t\t\t\t\t\t\t\t\t\t\t<div class=\"elementor-gallery-item__description\">\n\t\t\t\t\t\t\t\t\t\t\t\t\t\t\t\t\t\tAnl\u00e4sslich der Journ\u00e9e de la Comm\u00e9moration Nationale am 02.10.2011 in Itzig pr\u00e4sentierten d\u00e9put\u00e9-maire Marc Lies und Roland Schumacher, Pr\u00e4sident der Geschichtsfr\u00ebnn vun der Gemeng Hesper, die Gedenkplakette an den geb\u00fcrtigen Itziger Herz-Jesu- Pater Joseph Stoffels, der w\u00e4hrend des 2. Weltkriegs in der Euthanasie-Anstalt Schloss Hartheim bei Linz in \u00d6sterreich brutal ermordet worden war. Seine Asche war in die Heimat \u00fcberf\u00fchrt worden und befindet sich noch immer an der einstigen Grabst\u00e4tte auf dem Friedhof in Itzig.\t\t\t\t\t\t\t\t<\/div>\n\t\t\t\t\t\t\t\t\t\t\t\t<\/div>\n\t\t\t\t\t\t\t\t\t<\/a>\n\t\t\t\t\t<\/div>\n\t\t\t\t\t<\/div>\n\t\t\t\t<div class=\"elementor-element elementor-element-a12a552 elementor-drop-cap-yes elementor-drop-cap-view-default elementor-widget elementor-widget-text-editor\" data-id=\"a12a552\" data-element_type=\"widget\" data-e-type=\"widget\" data-settings=\"{&quot;drop_cap&quot;:&quot;yes&quot;}\" data-widget_type=\"text-editor.default\">\n\t\t\t\t\t\t\t\t\t<p style=\"text-align: justify;\">1477 war Luxemburg zusammen mit Burgund an die Habsburger gefallen. Es blieb zwar formal selbstst\u00e4ndiges Herzogtum, war aber de facto nur eine Provinz der zun\u00e4chst spanischen und sp\u00e4ter csterreichischen Niederlande. Im Dezember 1683 und Mitte 1684 belagerten die franz\u00f6sischen Truppen Ludwigs XIV. die Hauptstadt , welche sie schlie\u00dflich eroberten. Ab 1698 befand sie sich wieder in spanischer Hand, ehe die \u00d6sterreicher 1713 die Festung in Besitz nahmen. Friedliche Jahrzehnte kennzeichneten die Landespolitik bis zur Eroberung und Annexion des Landes durch die Truppen der Franz\u00f6sischen Revolution. Nach der Besetzung 1793\/94 bildete Luxemburg als \u201eD\u00e9partement des For\u00eats\u201c f\u00fcr die folgenden 20 Jahre einen Teil Frankreichs.<\/p><p style=\"text-align: justify;\">\u00a0<\/p><p style=\"text-align: justify;\">Seit der Franz\u00f6sischen Revolution im Jahre 1789 sorgten die franz\u00f6sischen Soldaten \u00fcberall in Europa f\u00fcr Unruhe. Im Fr\u00fchjahr 1794 n\u00e4herten sich die Truppen der Festung Luxemburg und im Herbst 1794 erhielt der franz\u00f6sische General Ren\u00e9 Moreaux, Commandant en chef der Arm\u00e9e de la Moselle, den Befehl, die Hauptstadt einzunehmen. Die Belagerungsarmee wuchs schnell von 19.800 Mann (21.11.1794) auf 39.000 Soldaten (Mai 1795), die vor der Stadt Luxemburg lagen.<\/p><p style=\"text-align: justify;\">\u00a0<\/p><p style=\"text-align: justify;\">Kommandant war dort der \u00f6sterreichische Feldmarschall Baron Blasius Columban von Bender. Ein interessantes Schriftst\u00fcck stellt sein \u201eTage-Buch der Berennung der Festung Luxembourg\u201c dar, das auf mehr als 400 Seiten die Ereignisse zwischen dem 11.07.1794 und dem 08.06.1795 (einen Tag nach der Kapitulation) festh\u00e4lt. Dort ist zu lesen, dass die franz\u00f6sische Seite ihr Hauptquartier seit dem Fr\u00fchjahr 1795 in Itzig im Hause Tesch-Eyden hatte (dem heutigen Kloster). Das Anwesen, das schon um 1600 erw\u00e4hnt wird, hatte der st\u00e4dtische Anwalt Jean Jacques Tesch (Offiziant des Markgrafen von Baden) am 21.06.1775 von Christophorus Goergen (alias Heintzen) erworben, ehe es im Fr\u00fchjahr 1795 von der franz\u00f6sischen Armee requiriert wurde. General Jacques Maurice Hatry hielt die milit\u00e4rischen Befehle, welche vom 17.04.1795 bis zum 24.06.1795 aus Itzig an die franz\u00f6sischen Truppen gingen, ebenfalls in einem 70-seitigen \u201elivre d\u2019or\u201c fest.<\/p><p style=\"text-align: justify;\">\u00a0<\/p><p style=\"text-align: justify;\">Das herrschaftliche Gut befand sich bis 1819 im Besitz der Familie Tesch, die anschlie\u00dfend nach Hesperingen verzog (Haus Hardt zwischen Alzettebr\u00fccke und \u201eWaassergaass\u201c). Nach den Familien Boch und Richard gelangte das Haus durch Versteigerung am 28.02.1865 in den Besitz der Witwe Pescatore-Beving, die es dem Kloster der Franziskanerinnen zwecks Einrichtung eines Waisenhauses schenkte.<\/p><p style=\"text-align: justify;\">\u00a0<\/p><p style=\"text-align: justify;\">Der Festungskommandant Bender beschloss am 30.05.1795 mit seinem Kriegsrat, den Franzosen die Kapitulation der ausgehungerten Festungsstadt Luxemburg anzubieten. Ein Dokument in franz\u00f6sischer und deutscher Sprache wurde am 1. Juni durch die beiden Unterh\u00e4ndler Leutnant Baron de Stensch und Major Baron Neny nach Itzig gebracht. General Hatry legte den Text seinen Vorgesetzten Talot und Jourdan vor, um die Bedingungen f\u00fcr einen Waffenstillstand festzulegen.<\/p><p style=\"text-align: justify;\">\u00a0<\/p><p style=\"text-align: justify;\">Am 5. Juni wurde dem Festungskommandanten Bender der von den Franzosen etwas abge\u00e4nderte Vertrag \u00fcbergeben, welcher zwei Tage Zeit hatte, diesen anzunehmen und zu unterschrieben, was auch geschah. Am 07.06.1795 unterschrieb General Hatry dann in seinem Hauptquartier in Itzig den Kapitulationsvertrag im Namen des franz\u00f6sischen Volkes und am selben Tag marschierten seine Truppen in der Festung ein. Am 10.06.1795 erschien schlie\u00dflich auch Feldmarschall Bender mit seinen Leuten in Itzig und ein gemeinsames Essen im Hause Tesch besiegelte die Kapitulationsvereinbarung.<\/p><p style=\"text-align: justify;\">\u00a0<\/p><p style=\"text-align: justify;\">Der Freiheitsbaum (\u201eFriedenslinde\u201c) im Hof, welcher am 08.03.2003 wegen Krankheitsbefall aus sicherheitstechnischen Gr\u00fcnden gef\u00e4llt werden musste, soll anl\u00e4sslich des Sieges der franz\u00f6sischen Truppen gepflanzt worden sein. 200 Jahre sp\u00e4ter konnten die \u201eGeschichtsfr\u00ebnn vun der Gemeng Hesper\u201c diesen historischen Tag zusammen mit den Verantwortlichen der Gemeinde Hesperingen w\u00fcrdigen und eine Gedenktafel am Kloster anbringen (09.06.1995).<\/p>\t\t\t\t\t\t\t\t<\/div>\n\t\t\t\t\t<\/div>\n\t\t\t\t<\/div>\n\t\t\t\t<\/div>\n\t\t","protected":false},"excerpt":{"rendered":"<p>Buet 2011_12 Der Kapitulationsvertrag der Festung Luxemburg mit den Zusatzbedingungen der Franzosen (17. Prairial an III = 05.06.1795), den Baron von Bender gleich unterzeichnete. Der franz\u00f6sische General Hatry tat dies dann zwei Tage sp\u00e4ter in Itzig. Der Kapitulationsvertrag der Festung Luxemburg mit den Zusatzbedingungen der Franzosen (17. Prairial an III = 05.06.1795), den Baron von [&hellip;]<\/p>\n","protected":false},"author":1,"featured_media":3288,"comment_status":"closed","ping_status":"open","sticky":false,"template":"","format":"standard","meta":{"footnotes":""},"categories":[23],"tags":[71,38,42,37,58,36],"class_list":["post-1592","post","type-post","status-publish","format-standard","has-post-thumbnail","hentry","category-wussten-sie-schon","tag-71","tag-buet","tag-geschichte","tag-itzig","tag-kirche","tag-wussten-sie-schon"],"_links":{"self":[{"href":"https:\/\/gfhesper.lu\/index.php?rest_route=\/wp\/v2\/posts\/1592","targetHints":{"allow":["GET"]}}],"collection":[{"href":"https:\/\/gfhesper.lu\/index.php?rest_route=\/wp\/v2\/posts"}],"about":[{"href":"https:\/\/gfhesper.lu\/index.php?rest_route=\/wp\/v2\/types\/post"}],"author":[{"embeddable":true,"href":"https:\/\/gfhesper.lu\/index.php?rest_route=\/wp\/v2\/users\/1"}],"replies":[{"embeddable":true,"href":"https:\/\/gfhesper.lu\/index.php?rest_route=%2Fwp%2Fv2%2Fcomments&post=1592"}],"version-history":[{"count":13,"href":"https:\/\/gfhesper.lu\/index.php?rest_route=\/wp\/v2\/posts\/1592\/revisions"}],"predecessor-version":[{"id":3724,"href":"https:\/\/gfhesper.lu\/index.php?rest_route=\/wp\/v2\/posts\/1592\/revisions\/3724"}],"wp:featuredmedia":[{"embeddable":true,"href":"https:\/\/gfhesper.lu\/index.php?rest_route=\/wp\/v2\/media\/3288"}],"wp:attachment":[{"href":"https:\/\/gfhesper.lu\/index.php?rest_route=%2Fwp%2Fv2%2Fmedia&parent=1592"}],"wp:term":[{"taxonomy":"category","embeddable":true,"href":"https:\/\/gfhesper.lu\/index.php?rest_route=%2Fwp%2Fv2%2Fcategories&post=1592"},{"taxonomy":"post_tag","embeddable":true,"href":"https:\/\/gfhesper.lu\/index.php?rest_route=%2Fwp%2Fv2%2Ftags&post=1592"}],"curies":[{"name":"wp","href":"https:\/\/api.w.org\/{rel}","templated":true}]}}